{"id":269,"date":"2015-12-05T11:16:39","date_gmt":"2015-12-05T10:16:39","guid":{"rendered":"http:\/\/felimanero.es\/?p=269"},"modified":"2015-12-05T11:31:06","modified_gmt":"2015-12-05T10:31:06","slug":"colectiva-de-navidad-espai-b","status":"publish","type":"post","link":"http:\/\/felimanero.es\/?p=269","title":{"rendered":"Colectiva de Navidad &#8211; espai [b] &#8211;"},"content":{"rendered":"<p><img loading=\"lazy\" decoding=\"async\" data-attachment-id=\"271\" data-permalink=\"http:\/\/felimanero.es\/?attachment_id=271\" data-orig-file=\"http:\/\/felimanero.es\/wp-content\/uploads\/espai-b_colectivanavidad2015.jpg\" data-orig-size=\"600,601\" data-comments-opened=\"0\" data-image-meta=\"{&quot;aperture&quot;:&quot;0&quot;,&quot;credit&quot;:&quot;&quot;,&quot;camera&quot;:&quot;&quot;,&quot;caption&quot;:&quot;&quot;,&quot;created_timestamp&quot;:&quot;0&quot;,&quot;copyright&quot;:&quot;&quot;,&quot;focal_length&quot;:&quot;0&quot;,&quot;iso&quot;:&quot;0&quot;,&quot;shutter_speed&quot;:&quot;0&quot;,&quot;title&quot;:&quot;&quot;,&quot;orientation&quot;:&quot;0&quot;}\" data-image-title=\"espai-b_colectivanavidad2015\" data-image-description=\"\" data-image-caption=\"\" data-large-file=\"http:\/\/felimanero.es\/wp-content\/uploads\/espai-b_colectivanavidad2015.jpg\" class=\"aligncenter wp-image-271 size-full\" src=\"http:\/\/felimanero.es\/wp-content\/uploads\/espai-b_colectivanavidad2015.jpg\" alt=\"espai-b_colectivanavidad2015\" width=\"600\" height=\"601\" srcset=\"http:\/\/felimanero.es\/wp-content\/uploads\/espai-b_colectivanavidad2015.jpg 600w, http:\/\/felimanero.es\/wp-content\/uploads\/espai-b_colectivanavidad2015-150x150.jpg 150w, http:\/\/felimanero.es\/wp-content\/uploads\/espai-b_colectivanavidad2015-300x300.jpg 300w\" sizes=\"auto, (max-width: 600px) 100vw, 600px\" \/><\/p>\n<p><!--more--><\/p>\n<p>Estimados amigos:<\/p>\n<p>&nbsp;<\/p>\n<p>Ahora que se acerca el final del a\u00f1o, tengo el placer de participar en la exposici\u00f3n colectiva de Navidad de la galer\u00eda <strong><a href=\"http:\/\/www.espaib.com\" target=\"_blank\">espai [b]<\/a><\/strong>, en el barrio de Gracia, Barcelona.<\/p>\n<p>&nbsp;<\/p>\n<p>La inauguraci\u00f3n tendr\u00e1 lugar el <strong>jueves 10 de diciembre<\/strong>, a las <strong>19.30h<\/strong>. Si os apetece pasaros a echar un vistazo, all\u00ed nos veremos.<\/p>\n<p>&nbsp;<\/p>\n<p>Feli<\/p>\n<p>\u2014 \u2014 \u2014 \u2014 \u2014<\/p>\n<p>Benvolguts amics,<\/p>\n<p>&nbsp;<\/p>\n<p>Ara que s&#8217;apropa el final de l&#8217;any, tinc el plaer de participar en l&#8217;exposici\u00f3 col\u00b7lectiva de Nadal de la galeria <strong><a href=\"http:\/\/www.espaib.com\" target=\"_blank\">espai [b]<\/a><\/strong>, al barri de Gr\u00e0cia, Barcelona.<\/p>\n<p>&nbsp;<\/p>\n<p>La inauguraci\u00f3 tindr\u00e0 lloc el <strong>dijous 10 de desembre<\/strong>, a les <strong>19.30h<\/strong>. Si us ve de gust passar a fer-hi un cop d&#8217;ull, all\u00e0 ens veurem.<\/p>\n<p>&nbsp;<\/p>\n<p>Feli<\/p>\n<p>&nbsp;<\/p>\n","protected":false},"excerpt":{"rendered":"","protected":false},"author":2,"featured_media":0,"comment_status":"closed","ping_status":"closed","sticky":false,"template":"","format":"standard","meta":{"_jetpack_memberships_contains_paid_content":false,"footnotes":"","jetpack_publicize_message":"","jetpack_publicize_feature_enabled":true,"jetpack_social_post_already_shared":true,"jetpack_social_options":{"image_generator_settings":{"template":"highway","default_image_id":0,"font":"","enabled":false},"version":2}},"categories":[1],"tags":[],"class_list":["post-269","post","type-post","status-publish","format-standard","hentry","category-uncategorized"],"jetpack_publicize_connections":[],"jetpack_featured_media_url":"","jetpack_sharing_enabled":true,"jetpack_shortlink":"https:\/\/wp.me\/p5KM0S-4l","_links":{"self":[{"href":"http:\/\/felimanero.es\/index.php?rest_route=\/wp\/v2\/posts\/269","targetHints":{"allow":["GET"]}}],"collection":[{"href":"http:\/\/felimanero.es\/index.php?rest_route=\/wp\/v2\/posts"}],"about":[{"href":"http:\/\/felimanero.es\/index.php?rest_route=\/wp\/v2\/types\/post"}],"author":[{"embeddable":true,"href":"http:\/\/felimanero.es\/index.php?rest_route=\/wp\/v2\/users\/2"}],"replies":[{"embeddable":true,"href":"http:\/\/felimanero.es\/index.php?rest_route=%2Fwp%2Fv2%2Fcomments&post=269"}],"version-history":[{"count":7,"href":"http:\/\/felimanero.es\/index.php?rest_route=\/wp\/v2\/posts\/269\/revisions"}],"predecessor-version":[{"id":278,"href":"http:\/\/felimanero.es\/index.php?rest_route=\/wp\/v2\/posts\/269\/revisions\/278"}],"wp:attachment":[{"href":"http:\/\/felimanero.es\/index.php?rest_route=%2Fwp%2Fv2%2Fmedia&parent=269"}],"wp:term":[{"taxonomy":"category","embeddable":true,"href":"http:\/\/felimanero.es\/index.php?rest_route=%2Fwp%2Fv2%2Fcategories&post=269"},{"taxonomy":"post_tag","embeddable":true,"href":"http:\/\/felimanero.es\/index.php?rest_route=%2Fwp%2Fv2%2Ftags&post=269"}],"curies":[{"name":"wp","href":"https:\/\/api.w.org\/{rel}","templated":true}]}}