{"id":486,"date":"2020-02-18T19:03:52","date_gmt":"2020-02-18T18:03:52","guid":{"rendered":"http:\/\/felimanero.es\/?p=486"},"modified":"2020-02-18T19:05:05","modified_gmt":"2020-02-18T18:05:05","slug":"espai-b-ultima-colectiva-de-la-decada","status":"publish","type":"post","link":"http:\/\/felimanero.es\/?p=486","title":{"rendered":"espai [b] &#8211; \u00faltima colectiva de la d\u00e9cada"},"content":{"rendered":"\n<figure class=\"wp-block-image\"><img loading=\"lazy\" decoding=\"async\" width=\"842\" height=\"1024\" data-attachment-id=\"487\" data-permalink=\"http:\/\/felimanero.es\/?attachment_id=487\" data-orig-file=\"http:\/\/felimanero.es\/wp-content\/uploads\/espai-b_colectiva2019.jpg\" data-orig-size=\"960,1168\" data-comments-opened=\"0\" data-image-meta=\"{&quot;aperture&quot;:&quot;0&quot;,&quot;credit&quot;:&quot;&quot;,&quot;camera&quot;:&quot;&quot;,&quot;caption&quot;:&quot;&quot;,&quot;created_timestamp&quot;:&quot;0&quot;,&quot;copyright&quot;:&quot;&quot;,&quot;focal_length&quot;:&quot;0&quot;,&quot;iso&quot;:&quot;0&quot;,&quot;shutter_speed&quot;:&quot;0&quot;,&quot;title&quot;:&quot;&quot;,&quot;orientation&quot;:&quot;0&quot;}\" data-image-title=\"espai-b_colectiva2019\" data-image-description=\"\" data-image-caption=\"\" data-large-file=\"http:\/\/felimanero.es\/wp-content\/uploads\/espai-b_colectiva2019-842x1024.jpg\" src=\"http:\/\/felimanero.es\/wp-content\/uploads\/espai-b_colectiva2019-842x1024.jpg\" alt=\"\" class=\"wp-image-487\" srcset=\"http:\/\/felimanero.es\/wp-content\/uploads\/espai-b_colectiva2019-842x1024.jpg 842w, http:\/\/felimanero.es\/wp-content\/uploads\/espai-b_colectiva2019-247x300.jpg 247w, http:\/\/felimanero.es\/wp-content\/uploads\/espai-b_colectiva2019-768x934.jpg 768w, http:\/\/felimanero.es\/wp-content\/uploads\/espai-b_colectiva2019.jpg 960w\" sizes=\"auto, (max-width: 842px) 100vw, 842px\" \/><\/figure>\n\n\n\n<!--more-->\n\n\n\n<h2 class=\"wp-block-heading\"><\/h2>\n\n\n\n<p>Estimados amigos:<\/p>\n\n\n\n<p>Un a\u00f1o m\u00e1s, he tenido el placer de participar con unas obras en la exposici\u00f3n colectiva de Navidad de la galer\u00eda <strong><a rel=\"noreferrer noopener\" href=\"http:\/\/www.espaib.com\/\" target=\"_blank\">espai [b]<\/a><\/strong>, en el barrio de Gracia de Barcelona, que en esta ocasi\u00f3n es nada menos que la \u00faltima de la d\u00e9cada.<\/p>\n\n\n\n<p><\/p>\n\n\n\n<p>Feli<\/p>\n\n\n\n<p>\u2014 \u2014 \u2014 \u2014 \u2014<\/p>\n\n\n\n<p>Benvolguts amics,<\/p>\n\n\n\n<p>Un any m\u00e9s, he tingut el plaer de participar amb unes obres en l\u2019exposici\u00f3 col\u00b7lectiva de Nadal de la galeria <strong><a rel=\"noreferrer noopener\" href=\"http:\/\/www.espaib.com\/\" target=\"_blank\">espai [b]<\/a><\/strong>, al barri de Gr\u00e0cia de Barcelona, que en aquesta ocasi\u00f3 es tracta de l&#8217;\u00faltima de la d\u00e8cada.<\/p>\n\n\n\n<p><\/p>\n\n\n\n<p>Feli<\/p>\n\n\n\n<p><\/p>\n","protected":false},"excerpt":{"rendered":"","protected":false},"author":2,"featured_media":0,"comment_status":"closed","ping_status":"closed","sticky":false,"template":"","format":"standard","meta":{"_jetpack_memberships_contains_paid_content":false,"footnotes":"","jetpack_publicize_message":"","jetpack_publicize_feature_enabled":true,"jetpack_social_post_already_shared":false,"jetpack_social_options":{"image_generator_settings":{"template":"highway","default_image_id":0,"font":"","enabled":false},"version":2}},"categories":[1],"tags":[],"class_list":["post-486","post","type-post","status-publish","format-standard","hentry","category-uncategorized"],"jetpack_publicize_connections":[],"jetpack_featured_media_url":"","jetpack_sharing_enabled":true,"jetpack_shortlink":"https:\/\/wp.me\/p5KM0S-7Q","_links":{"self":[{"href":"http:\/\/felimanero.es\/index.php?rest_route=\/wp\/v2\/posts\/486","targetHints":{"allow":["GET"]}}],"collection":[{"href":"http:\/\/felimanero.es\/index.php?rest_route=\/wp\/v2\/posts"}],"about":[{"href":"http:\/\/felimanero.es\/index.php?rest_route=\/wp\/v2\/types\/post"}],"author":[{"embeddable":true,"href":"http:\/\/felimanero.es\/index.php?rest_route=\/wp\/v2\/users\/2"}],"replies":[{"embeddable":true,"href":"http:\/\/felimanero.es\/index.php?rest_route=%2Fwp%2Fv2%2Fcomments&post=486"}],"version-history":[{"count":2,"href":"http:\/\/felimanero.es\/index.php?rest_route=\/wp\/v2\/posts\/486\/revisions"}],"predecessor-version":[{"id":489,"href":"http:\/\/felimanero.es\/index.php?rest_route=\/wp\/v2\/posts\/486\/revisions\/489"}],"wp:attachment":[{"href":"http:\/\/felimanero.es\/index.php?rest_route=%2Fwp%2Fv2%2Fmedia&parent=486"}],"wp:term":[{"taxonomy":"category","embeddable":true,"href":"http:\/\/felimanero.es\/index.php?rest_route=%2Fwp%2Fv2%2Fcategories&post=486"},{"taxonomy":"post_tag","embeddable":true,"href":"http:\/\/felimanero.es\/index.php?rest_route=%2Fwp%2Fv2%2Ftags&post=486"}],"curies":[{"name":"wp","href":"https:\/\/api.w.org\/{rel}","templated":true}]}}