{"id":490,"date":"2020-02-18T19:17:56","date_gmt":"2020-02-18T18:17:56","guid":{"rendered":"http:\/\/felimanero.es\/?p=490"},"modified":"2020-02-21T13:03:38","modified_gmt":"2020-02-21T12:03:38","slug":"de-las-palabras-al-gesto","status":"publish","type":"post","link":"http:\/\/felimanero.es\/?p=490","title":{"rendered":"De las palabras al gesto"},"content":{"rendered":"\n<figure class=\"wp-block-image\"><img loading=\"lazy\" decoding=\"async\" width=\"602\" height=\"433\" data-attachment-id=\"491\" data-permalink=\"http:\/\/felimanero.es\/?attachment_id=491\" data-orig-file=\"http:\/\/felimanero.es\/wp-content\/uploads\/Feli_De-las-palabras-al-gesto_LACONTRA.jpg\" data-orig-size=\"602,433\" data-comments-opened=\"0\" data-image-meta=\"{&quot;aperture&quot;:&quot;0&quot;,&quot;credit&quot;:&quot;&quot;,&quot;camera&quot;:&quot;&quot;,&quot;caption&quot;:&quot;&quot;,&quot;created_timestamp&quot;:&quot;0&quot;,&quot;copyright&quot;:&quot;&quot;,&quot;focal_length&quot;:&quot;0&quot;,&quot;iso&quot;:&quot;0&quot;,&quot;shutter_speed&quot;:&quot;0&quot;,&quot;title&quot;:&quot;&quot;,&quot;orientation&quot;:&quot;0&quot;}\" data-image-title=\"Feli_De las palabras al gesto_LACONTRA\" data-image-description=\"\" data-image-caption=\"\" data-large-file=\"http:\/\/felimanero.es\/wp-content\/uploads\/Feli_De-las-palabras-al-gesto_LACONTRA.jpg\" src=\"http:\/\/felimanero.es\/wp-content\/uploads\/Feli_De-las-palabras-al-gesto_LACONTRA.jpg\" alt=\"\" class=\"wp-image-491\" srcset=\"http:\/\/felimanero.es\/wp-content\/uploads\/Feli_De-las-palabras-al-gesto_LACONTRA.jpg 602w, http:\/\/felimanero.es\/wp-content\/uploads\/Feli_De-las-palabras-al-gesto_LACONTRA-300x216.jpg 300w\" sizes=\"auto, (max-width: 602px) 100vw, 602px\" \/><\/figure>\n\n\n\n<!--more-->\n\n\n\n<p>Estimados amigos:<\/p>\n\n\n\n<p>El pr\u00f3ximo viernes 6 de marzo, a las 19h, inauguro la exposici\u00f3n <strong>\u00abDe las palabras al gesto\u00bb<\/strong> en el centro de creaci\u00f3n <strong><a rel=\"noreferrer noopener\" aria-label=\"La CONTRA (abre en una nueva pesta\u00f1a)\" href=\"http:\/\/lacontracc.wixsite.com\/lacontra\/single-post\/2020\/02\/10\/Exposici%C3%B3n-DE-LAS-PALABRAS-AL-GESTO-de-Feli-Manero\" target=\"_blank\">La CONTRA<\/a><\/strong> (calle Pur\u00edssima Concepci\u00f3, 9, Barcelona). Os invito a pasaros por all\u00ed.<\/p>\n\n\n\n<p>Feli<\/p>\n\n\n\n<blockquote class=\"wp-block-quote is-layout-flow wp-block-quote-is-layout-flow\"><p><em>\u00abDe las palabras al gesto<\/em>\u00bb es el resultado del&nbsp; trabajo en el que he estado inmersa en los \u00faltimos tiempos. La utilizaci\u00f3n de palabras y escritos no es nueva en la obra de Feli Manero: han sido una presencia constante desde \u00ab<em>Translacions<\/em>\u00bb hasta \u00ab<em>Mur des mots<\/em>\u00bb pasando por \u00ab<em>Incision\/s\u00bb<\/em>. Su intenci\u00f3n \u00faltima no es decir o explicar nada; su trabajo se inscribir\u00eda m\u00e1s bien dentro de la vertiente&nbsp; est\u00e9tica caligr\u00e1fica o del lettering.<\/p><p> <br>Sin embargo, en esta ocasi\u00f3n el movimiento ha ido cobrando cada vez mayor importancia, imponi\u00e9ndose gradualmente en el proceso de creaci\u00f3n. La escritura se acelera y evoluciona, y las palabras de deshacen hasta llegar a convertirse en color, textura y puro gesto.<\/p><\/blockquote>\n\n\n\n<p> <br>\u2014&nbsp;\u2014&nbsp;\u2014&nbsp;\u2014&nbsp;\u2014 <\/p>\n\n\n\n<p>Benvolguts amics,<\/p>\n\n\n\n<p>El proper divendres 6 de mar\u00e7, a les 19h, inauguro l&#8217;exposici\u00f3 <strong>\u00abDe les paraules al gest\u00bb<\/strong> al centre de creaci\u00f3 <strong><a rel=\"noreferrer noopener\" aria-label=\"La CONTRA (abre en una nueva pesta\u00f1a)\" href=\"http:\/\/lacontracc.wixsite.com\/lacontra\/single-post\/2020\/02\/10\/Exposici%C3%B3n-DE-LAS-PALABRAS-AL-GESTO-de-Feli-Manero\" target=\"_blank\">La CONTRA<\/a><\/strong> (carrer Pur\u00edssima Concepci\u00f3, 9, Barcelona). Us convido a passar-vos-hi.<\/p>\n\n\n\n<p>Feli<\/p>\n\n\n\n<blockquote class=\"wp-block-quote is-layout-flow wp-block-quote-is-layout-flow\"><p>\u00ab<em>De les paraules al gest<\/em>\u00bb \u00e9s el resultat del treball en el qual he estat immersa en els \u00faltims temps. La utilitzaci\u00f3 de paraules i escrits no \u00e9s nova en la meva obra: des de \u00ab<em>Translacions<\/em>\u00bb fins a \u00ab<em>Mur des mots<\/em>\u00ab, passant per \u00ab<em>Incision\/s<\/em>\u00ab, la seva pres\u00e8ncia ha estat constant. La meva intenci\u00f3 \u00faltima no \u00e9s dir o explicar res; el meu treball s&#8217;inscriuria m\u00e9s aviat dins del vessant est\u00e8tic cal\u00b7ligr\u00e0fic o del lettering.<\/p><p>No obstant aix\u00f2, en aquesta ocasi\u00f3 el moviment ha anat adquirint cada vegada m\u00e9s import\u00e0ncia, imposant-se gradualment en el proc\u00e9s de creaci\u00f3. L&#8217;escriptura s&#8217;accelera i evoluciona, i les paraules es desfan fins arribar a convertir-se en color, textura i pur gest.<\/p><\/blockquote>\n\n\n\n<p> \u2014\u00a0\u2014\u00a0\u2014\u00a0\u2014\u00a0\u2014  <\/p>\n\n\n\n<p>Dear Friends,<\/p>\n\n\n\n<p>The next 6th of March, friday, at 7PM, I will be opening my exhibition <strong>\u00abFrom Words To Gesture\u00bb<\/strong> in the creation centre <strong><a rel=\"noreferrer noopener\" aria-label=\"La CONTRA (abre en una nueva pesta\u00f1a)\" href=\"http:\/\/lacontracc.wixsite.com\/lacontra\/single-post\/2020\/02\/10\/Exposici%C3%B3n-DE-LAS-PALABRAS-AL-GESTO-de-Feli-Manero\" target=\"_blank\">La CONTRA<\/a><\/strong> (Pur\u00edssima Concepci\u00f3 9, Barcelona). I invite you to join us.<\/p>\n\n\n\n<p>Feli<\/p>\n\n\n\n<blockquote class=\"wp-block-quote is-layout-flow wp-block-quote-is-layout-flow\"><p><em>\u00abFrom Words To Gesture<\/em>\u00bb is the result of the work I have been deeply involved in for some time. The use of words and writings is not new in my art: they have been a constant presence from \u00ab<em>Translacions<\/em>\u00bb to \u00ab<em>Mur des mots\u00bb <\/em>by way of \u00ab<em>Incision\/<\/em>s\u00bb. My ultimate purpose is not to recount or explain anything; my work would be more related to the calligraphic aesthetic side or to lettering.<\/p><p>Nevertheless, on this occasion movement has taken on increasing importance, gradually imposing itself on the creative process. The writing speeds up and unfolds and the words dissolve into colour, texture and pure gesture.<\/p><\/blockquote>\n\n\n","protected":false},"excerpt":{"rendered":"","protected":false},"author":2,"featured_media":0,"comment_status":"closed","ping_status":"closed","sticky":false,"template":"","format":"standard","meta":{"_jetpack_memberships_contains_paid_content":false,"footnotes":"","jetpack_publicize_message":"","jetpack_publicize_feature_enabled":true,"jetpack_social_post_already_shared":false,"jetpack_social_options":{"image_generator_settings":{"template":"highway","default_image_id":0,"font":"","enabled":false},"version":2}},"categories":[1],"tags":[],"class_list":["post-490","post","type-post","status-publish","format-standard","hentry","category-uncategorized"],"jetpack_publicize_connections":[],"jetpack_featured_media_url":"","jetpack_sharing_enabled":true,"jetpack_shortlink":"https:\/\/wp.me\/p5KM0S-7U","_links":{"self":[{"href":"http:\/\/felimanero.es\/index.php?rest_route=\/wp\/v2\/posts\/490","targetHints":{"allow":["GET"]}}],"collection":[{"href":"http:\/\/felimanero.es\/index.php?rest_route=\/wp\/v2\/posts"}],"about":[{"href":"http:\/\/felimanero.es\/index.php?rest_route=\/wp\/v2\/types\/post"}],"author":[{"embeddable":true,"href":"http:\/\/felimanero.es\/index.php?rest_route=\/wp\/v2\/users\/2"}],"replies":[{"embeddable":true,"href":"http:\/\/felimanero.es\/index.php?rest_route=%2Fwp%2Fv2%2Fcomments&post=490"}],"version-history":[{"count":11,"href":"http:\/\/felimanero.es\/index.php?rest_route=\/wp\/v2\/posts\/490\/revisions"}],"predecessor-version":[{"id":503,"href":"http:\/\/felimanero.es\/index.php?rest_route=\/wp\/v2\/posts\/490\/revisions\/503"}],"wp:attachment":[{"href":"http:\/\/felimanero.es\/index.php?rest_route=%2Fwp%2Fv2%2Fmedia&parent=490"}],"wp:term":[{"taxonomy":"category","embeddable":true,"href":"http:\/\/felimanero.es\/index.php?rest_route=%2Fwp%2Fv2%2Fcategories&post=490"},{"taxonomy":"post_tag","embeddable":true,"href":"http:\/\/felimanero.es\/index.php?rest_route=%2Fwp%2Fv2%2Ftags&post=490"}],"curies":[{"name":"wp","href":"https:\/\/api.w.org\/{rel}","templated":true}]}}